{"id":1956,"date":"2023-03-30T16:39:51","date_gmt":"2023-03-30T14:39:51","guid":{"rendered":"https:\/\/www.caola.hu\/?p=1956"},"modified":"2023-09-06T20:28:35","modified_gmt":"2023-09-06T18:28:35","slug":"heteken-belul-uj-gyarat-avat-a-caola","status":"publish","type":"post","link":"https:\/\/caola.hu\/en\/heteken-belul-uj-gyarat-avat-a-caola\/","title":{"rendered":"Caola opens a new factory in weeks!"},"content":{"rendered":"<p>Just over a year since we laid the foundation stone of our new production hall, and now we're preparing to open the factory!<\/p>\n<p><img fetchpriority=\"high\" decoding=\"async\" class=\"size-medium wp-image-1774 alignleft\" src=\"https:\/\/www.caola.hu\/wp-content\/uploads\/2023\/02\/Caola-10-300x169.jpg\" alt=\"Caola Martonv\u00e1s\u00e1r\" width=\"300\" height=\"169\" \/>Caola Martonv\u00e1s\u00e1rTo our great delight, we are creating new jobs for Martonv\u00e1s\u00e1r and the surrounding agglomeration, working with environmentally friendly packaging materials on state-of-the-art production lines that will place Caola's ecological footprint in the environmental footprint!<\/p>\n<p>And our factory is powered by solar energy. Our products have been a part of Hungarian families' daily lives for generations, and thanks to improvements over the past three years, several of our product lines will be available with a fresh new look in the future.<\/p>\n<p>We believe that the result of our conscious efforts will continue to create value in the future.<\/p>","protected":false},"excerpt":{"rendered":"<p>Alig egy \u00e9ve, hogy letett\u00fck \u00faj gy\u00e1rt\u00f3csarnokunk alapk\u00f6v\u00e9t, \u00e9s most m\u00e1r a gy\u00e1rnyit\u00e1sra k\u00e9sz\u00fcl\u00fcnk! Martonv\u00e1s\u00e1r \u00e9s a k\u00f6r\u00fcl\u00f6tte l\u00e9v\u0151 agglomer\u00e1ci\u00f3 sz\u00e1m\u00e1ra nagy \u00f6r\u00f6m\u00fcnkre \u00faj munkahelyeket teremt\u00fcnk, a legmodernebb g\u00e9psorokon olyan k\u00f6rnyezetbar\u00e1t csomagol\u00f3anyagokkal dolgozunk, mellyel elhelyezz\u00fck a Caola \u00f6kol\u00f3giai l\u00e1bnyom\u00e1t a k\u00f6rnyezetv\u00e9delemben! Gy\u00e1runk m\u0171k\u00f6d\u00e9s\u00e9t pedig napenergi\u00e1b\u00f3l nyerj\u00fck. Term\u00e9keink gener\u00e1ci\u00f3kon \u00e1t jelen voltak a magyar csal\u00e1dok mindennapjaiban, [&hellip;]<\/p>\n","protected":false},"author":1,"featured_media":3584,"comment_status":"open","ping_status":"closed","sticky":false,"template":"","format":"standard","meta":{"_acf_changed":false,"site-sidebar-layout":"default","site-content-layout":"default","ast-site-content-layout":"default","site-content-style":"default","site-sidebar-style":"default","ast-global-header-display":"","ast-banner-title-visibility":"","ast-main-header-display":"","ast-hfb-above-header-display":"","ast-hfb-below-header-display":"","ast-hfb-mobile-header-display":"","site-post-title":"","ast-breadcrumbs-content":"","ast-featured-img":"","footer-sml-layout":"","ast-disable-related-posts":"","theme-transparent-header-meta":"default","adv-header-id-meta":"","stick-header-meta":"default","header-above-stick-meta":"","header-main-stick-meta":"","header-below-stick-meta":"","astra-migrate-meta-layouts":"default","ast-page-background-enabled":"default","ast-page-background-meta":{"desktop":{"background-color":"var(--ast-global-color-4)","background-image":"","background-repeat":"repeat","background-position":"center center","background-size":"auto","background-attachment":"scroll","background-type":"","background-media":"","overlay-type":"","overlay-color":"","overlay-opacity":"","overlay-gradient":""},"tablet":{"background-color":"","background-image":"","background-repeat":"repeat","background-position":"center center","background-size":"auto","background-attachment":"scroll","background-type":"","background-media":"","overlay-type":"","overlay-color":"","overlay-opacity":"","overlay-gradient":""},"mobile":{"background-color":"","background-image":"","background-repeat":"repeat","background-position":"center center","background-size":"auto","background-attachment":"scroll","background-type":"","background-media":"","overlay-type":"","overlay-color":"","overlay-opacity":"","overlay-gradient":""}},"ast-content-background-meta":{"desktop":{"background-color":"var(--ast-global-color-5)","background-image":"","background-repeat":"repeat","background-position":"center center","background-size":"auto","background-attachment":"scroll","background-type":"","background-media":"","overlay-type":"","overlay-color":"","overlay-opacity":"","overlay-gradient":""},"tablet":{"background-color":"var(--ast-global-color-5)","background-image":"","background-repeat":"repeat","background-position":"center center","background-size":"auto","background-attachment":"scroll","background-type":"","background-media":"","overlay-type":"","overlay-color":"","overlay-opacity":"","overlay-gradient":""},"mobile":{"background-color":"var(--ast-global-color-5)","background-image":"","background-repeat":"repeat","background-position":"center center","background-size":"auto","background-attachment":"scroll","background-type":"","background-media":"","overlay-type":"","overlay-color":"","overlay-opacity":"","overlay-gradient":""}},"footnotes":""},"categories":[113],"tags":[],"class_list":["post-1956","post","type-post","status-publish","format-standard","has-post-thumbnail","hentry","category-sajtokozlemenyek"],"acf":[],"yoast_head":"<!-- This site is optimized with the Yoast SEO plugin v27.5 - https:\/\/yoast.com\/product\/yoast-seo-wordpress\/ -->\n<title>Heteken bel\u00fcl \u00faj gy\u00e1rat avat a Caola! | caola.hu<\/title>\n<meta name=\"robots\" content=\"index, follow, max-snippet:-1, max-image-preview:large, max-video-preview:-1\" \/>\n<link rel=\"canonical\" href=\"https:\/\/caola.hu\/en\/heteken-belul-uj-gyarat-avat-a-caola\/\" \/>\n<meta property=\"og:locale\" content=\"en_GB\" \/>\n<meta property=\"og:type\" content=\"article\" \/>\n<meta property=\"og:title\" content=\"Heteken bel\u00fcl \u00faj gy\u00e1rat avat a Caola! | caola.hu\" \/>\n<meta property=\"og:description\" content=\"Alig egy \u00e9ve, hogy letett\u00fck \u00faj gy\u00e1rt\u00f3csarnokunk alapk\u00f6v\u00e9t, \u00e9s most m\u00e1r a gy\u00e1rnyit\u00e1sra k\u00e9sz\u00fcl\u00fcnk! Martonv\u00e1s\u00e1r \u00e9s a k\u00f6r\u00fcl\u00f6tte l\u00e9v\u0151 agglomer\u00e1ci\u00f3 sz\u00e1m\u00e1ra nagy \u00f6r\u00f6m\u00fcnkre \u00faj munkahelyeket teremt\u00fcnk, a legmodernebb g\u00e9psorokon olyan k\u00f6rnyezetbar\u00e1t csomagol\u00f3anyagokkal dolgozunk, mellyel elhelyezz\u00fck a Caola \u00f6kol\u00f3giai l\u00e1bnyom\u00e1t a k\u00f6rnyezetv\u00e9delemben! Gy\u00e1runk m\u0171k\u00f6d\u00e9s\u00e9t pedig napenergi\u00e1b\u00f3l nyerj\u00fck. Term\u00e9keink gener\u00e1ci\u00f3kon \u00e1t jelen voltak a magyar csal\u00e1dok mindennapjaiban, [&hellip;]\" \/>\n<meta property=\"og:url\" content=\"https:\/\/caola.hu\/en\/heteken-belul-uj-gyarat-avat-a-caola\/\" \/>\n<meta property=\"og:site_name\" content=\"caola.hu\" \/>\n<meta property=\"article:publisher\" content=\"https:\/\/www.facebook.com\/caolahungary\/\" \/>\n<meta property=\"article:published_time\" content=\"2023-03-30T14:39:51+00:00\" \/>\n<meta property=\"article:modified_time\" content=\"2023-09-06T18:28:35+00:00\" \/>\n<meta property=\"og:image\" content=\"https:\/\/caola.hu\/wp-content\/uploads\/2020\/04\/heteken-belul-uj-gyarat-avat-a-caola-001.jpg\" \/>\n\t<meta property=\"og:image:width\" content=\"1200\" \/>\n\t<meta property=\"og:image:height\" content=\"628\" \/>\n\t<meta property=\"og:image:type\" content=\"image\/jpeg\" \/>\n<meta name=\"author\" content=\"hello@pixelworks.hu\" \/>\n<meta name=\"twitter:card\" content=\"summary_large_image\" \/>\n<meta name=\"twitter:label1\" content=\"Written by\" \/>\n\t<meta name=\"twitter:data1\" content=\"hello@pixelworks.hu\" \/>\n\t<meta name=\"twitter:label2\" content=\"Estimated reading time\" \/>\n\t<meta name=\"twitter:data2\" content=\"1 minute\" \/>\n<script type=\"application\/ld+json\" class=\"yoast-schema-graph\">{\"@context\":\"https:\\\/\\\/schema.org\",\"@graph\":[{\"@type\":\"Article\",\"@id\":\"https:\\\/\\\/caola.hu\\\/heteken-belul-uj-gyarat-avat-a-caola\\\/#article\",\"isPartOf\":{\"@id\":\"https:\\\/\\\/caola.hu\\\/heteken-belul-uj-gyarat-avat-a-caola\\\/\"},\"author\":{\"name\":\"hello@pixelworks.hu\",\"@id\":\"https:\\\/\\\/caola.hu\\\/#\\\/schema\\\/person\\\/9064b45400470861727581b89e82654d\"},\"headline\":\"Heteken bel\u00fcl \u00faj gy\u00e1rat avat a Caola!\",\"datePublished\":\"2023-03-30T14:39:51+00:00\",\"dateModified\":\"2023-09-06T18:28:35+00:00\",\"mainEntityOfPage\":{\"@id\":\"https:\\\/\\\/caola.hu\\\/heteken-belul-uj-gyarat-avat-a-caola\\\/\"},\"wordCount\":155,\"commentCount\":0,\"publisher\":{\"@id\":\"https:\\\/\\\/caola.hu\\\/#organization\"},\"image\":{\"@id\":\"https:\\\/\\\/caola.hu\\\/heteken-belul-uj-gyarat-avat-a-caola\\\/#primaryimage\"},\"thumbnailUrl\":\"https:\\\/\\\/caola.hu\\\/wp-content\\\/uploads\\\/2020\\\/04\\\/heteken-belul-uj-gyarat-avat-a-caola-001.jpg\",\"articleSection\":[\"Sajt\u00f3k\u00f6zlem\u00e9nyek\"],\"inLanguage\":\"en-GB\",\"potentialAction\":[{\"@type\":\"CommentAction\",\"name\":\"Comment\",\"target\":[\"https:\\\/\\\/caola.hu\\\/heteken-belul-uj-gyarat-avat-a-caola\\\/#respond\"]}]},{\"@type\":\"WebPage\",\"@id\":\"https:\\\/\\\/caola.hu\\\/heteken-belul-uj-gyarat-avat-a-caola\\\/\",\"url\":\"https:\\\/\\\/caola.hu\\\/heteken-belul-uj-gyarat-avat-a-caola\\\/\",\"name\":\"Heteken bel\u00fcl \u00faj gy\u00e1rat avat a Caola! | caola.hu\",\"isPartOf\":{\"@id\":\"https:\\\/\\\/caola.hu\\\/#website\"},\"primaryImageOfPage\":{\"@id\":\"https:\\\/\\\/caola.hu\\\/heteken-belul-uj-gyarat-avat-a-caola\\\/#primaryimage\"},\"image\":{\"@id\":\"https:\\\/\\\/caola.hu\\\/heteken-belul-uj-gyarat-avat-a-caola\\\/#primaryimage\"},\"thumbnailUrl\":\"https:\\\/\\\/caola.hu\\\/wp-content\\\/uploads\\\/2020\\\/04\\\/heteken-belul-uj-gyarat-avat-a-caola-001.jpg\",\"datePublished\":\"2023-03-30T14:39:51+00:00\",\"dateModified\":\"2023-09-06T18:28:35+00:00\",\"breadcrumb\":{\"@id\":\"https:\\\/\\\/caola.hu\\\/heteken-belul-uj-gyarat-avat-a-caola\\\/#breadcrumb\"},\"inLanguage\":\"en-GB\",\"potentialAction\":[{\"@type\":\"ReadAction\",\"target\":[\"https:\\\/\\\/caola.hu\\\/heteken-belul-uj-gyarat-avat-a-caola\\\/\"]}]},{\"@type\":\"ImageObject\",\"inLanguage\":\"en-GB\",\"@id\":\"https:\\\/\\\/caola.hu\\\/heteken-belul-uj-gyarat-avat-a-caola\\\/#primaryimage\",\"url\":\"https:\\\/\\\/caola.hu\\\/wp-content\\\/uploads\\\/2020\\\/04\\\/heteken-belul-uj-gyarat-avat-a-caola-001.jpg\",\"contentUrl\":\"https:\\\/\\\/caola.hu\\\/wp-content\\\/uploads\\\/2020\\\/04\\\/heteken-belul-uj-gyarat-avat-a-caola-001.jpg\",\"width\":1200,\"height\":628,\"caption\":\"heteken belul uj gyarat avat a caola 001\"},{\"@type\":\"BreadcrumbList\",\"@id\":\"https:\\\/\\\/caola.hu\\\/heteken-belul-uj-gyarat-avat-a-caola\\\/#breadcrumb\",\"itemListElement\":[{\"@type\":\"ListItem\",\"position\":1,\"name\":\"Kezd\u0151lap\",\"item\":\"https:\\\/\\\/caola.hu\\\/\"},{\"@type\":\"ListItem\",\"position\":2,\"name\":\"Heteken bel\u00fcl \u00faj gy\u00e1rat avat a Caola!\"}]},{\"@type\":\"WebSite\",\"@id\":\"https:\\\/\\\/caola.hu\\\/#website\",\"url\":\"https:\\\/\\\/caola.hu\\\/\",\"name\":\"caola.hu\",\"description\":\"Gondoskod\u00e1s mindenhol, mindenkor, mindenkinek\",\"publisher\":{\"@id\":\"https:\\\/\\\/caola.hu\\\/#organization\"},\"potentialAction\":[{\"@type\":\"SearchAction\",\"target\":{\"@type\":\"EntryPoint\",\"urlTemplate\":\"https:\\\/\\\/caola.hu\\\/?s={search_term_string}\"},\"query-input\":{\"@type\":\"PropertyValueSpecification\",\"valueRequired\":true,\"valueName\":\"search_term_string\"}}],\"inLanguage\":\"en-GB\"},{\"@type\":\"Organization\",\"@id\":\"https:\\\/\\\/caola.hu\\\/#organization\",\"name\":\"caola.hu\",\"url\":\"https:\\\/\\\/caola.hu\\\/\",\"logo\":{\"@type\":\"ImageObject\",\"inLanguage\":\"en-GB\",\"@id\":\"https:\\\/\\\/caola.hu\\\/#\\\/schema\\\/logo\\\/image\\\/\",\"url\":\"https:\\\/\\\/caola.hu\\\/wp-content\\\/uploads\\\/2023\\\/06\\\/caola-logo-white-01.svg\",\"contentUrl\":\"https:\\\/\\\/caola.hu\\\/wp-content\\\/uploads\\\/2023\\\/06\\\/caola-logo-white-01.svg\",\"width\":202,\"height\":75,\"caption\":\"caola.hu\"},\"image\":{\"@id\":\"https:\\\/\\\/caola.hu\\\/#\\\/schema\\\/logo\\\/image\\\/\"},\"sameAs\":[\"https:\\\/\\\/www.facebook.com\\\/caolahungary\\\/\",\"https:\\\/\\\/www.instagram.com\\\/caola_cosmetics\\\/\",\"https:\\\/\\\/www.youtube.com\\\/channel\\\/UCfWzZVKBzIKyYtbukmwgNOw\"]},{\"@type\":\"Person\",\"@id\":\"https:\\\/\\\/caola.hu\\\/#\\\/schema\\\/person\\\/9064b45400470861727581b89e82654d\",\"name\":\"hello@pixelworks.hu\",\"image\":{\"@type\":\"ImageObject\",\"inLanguage\":\"en-GB\",\"@id\":\"https:\\\/\\\/secure.gravatar.com\\\/avatar\\\/6a04d762ef3af423451aa40a8594ca1a55757e1965edfe2169e8d35f6dd3c162?s=96&d=mm&r=g\",\"url\":\"https:\\\/\\\/secure.gravatar.com\\\/avatar\\\/6a04d762ef3af423451aa40a8594ca1a55757e1965edfe2169e8d35f6dd3c162?s=96&d=mm&r=g\",\"contentUrl\":\"https:\\\/\\\/secure.gravatar.com\\\/avatar\\\/6a04d762ef3af423451aa40a8594ca1a55757e1965edfe2169e8d35f6dd3c162?s=96&d=mm&r=g\",\"caption\":\"hello@pixelworks.hu\"},\"sameAs\":[\"https:\\\/\\\/caola.hu\"],\"url\":\"https:\\\/\\\/caola.hu\\\/en\\\/author\\\/hello@pixelworks.hu\\\/\"}]}<\/script>\n<!-- \/ Yoast SEO plugin. -->","yoast_head_json":{"title":"Heteken bel\u00fcl \u00faj gy\u00e1rat avat a Caola! | caola.hu","robots":{"index":"index","follow":"follow","max-snippet":"max-snippet:-1","max-image-preview":"max-image-preview:large","max-video-preview":"max-video-preview:-1"},"canonical":"https:\/\/caola.hu\/en\/heteken-belul-uj-gyarat-avat-a-caola\/","og_locale":"en_GB","og_type":"article","og_title":"Heteken bel\u00fcl \u00faj gy\u00e1rat avat a Caola! | caola.hu","og_description":"Alig egy \u00e9ve, hogy letett\u00fck \u00faj gy\u00e1rt\u00f3csarnokunk alapk\u00f6v\u00e9t, \u00e9s most m\u00e1r a gy\u00e1rnyit\u00e1sra k\u00e9sz\u00fcl\u00fcnk! Martonv\u00e1s\u00e1r \u00e9s a k\u00f6r\u00fcl\u00f6tte l\u00e9v\u0151 agglomer\u00e1ci\u00f3 sz\u00e1m\u00e1ra nagy \u00f6r\u00f6m\u00fcnkre \u00faj munkahelyeket teremt\u00fcnk, a legmodernebb g\u00e9psorokon olyan k\u00f6rnyezetbar\u00e1t csomagol\u00f3anyagokkal dolgozunk, mellyel elhelyezz\u00fck a Caola \u00f6kol\u00f3giai l\u00e1bnyom\u00e1t a k\u00f6rnyezetv\u00e9delemben! Gy\u00e1runk m\u0171k\u00f6d\u00e9s\u00e9t pedig napenergi\u00e1b\u00f3l nyerj\u00fck. Term\u00e9keink gener\u00e1ci\u00f3kon \u00e1t jelen voltak a magyar csal\u00e1dok mindennapjaiban, [&hellip;]","og_url":"https:\/\/caola.hu\/en\/heteken-belul-uj-gyarat-avat-a-caola\/","og_site_name":"caola.hu","article_publisher":"https:\/\/www.facebook.com\/caolahungary\/","article_published_time":"2023-03-30T14:39:51+00:00","article_modified_time":"2023-09-06T18:28:35+00:00","og_image":[{"width":1200,"height":628,"url":"https:\/\/caola.hu\/wp-content\/uploads\/2020\/04\/heteken-belul-uj-gyarat-avat-a-caola-001.jpg","type":"image\/jpeg"}],"author":"hello@pixelworks.hu","twitter_card":"summary_large_image","twitter_misc":{"Written by":"hello@pixelworks.hu","Estimated reading time":"1 minute"},"schema":{"@context":"https:\/\/schema.org","@graph":[{"@type":"Article","@id":"https:\/\/caola.hu\/heteken-belul-uj-gyarat-avat-a-caola\/#article","isPartOf":{"@id":"https:\/\/caola.hu\/heteken-belul-uj-gyarat-avat-a-caola\/"},"author":{"name":"hello@pixelworks.hu","@id":"https:\/\/caola.hu\/#\/schema\/person\/9064b45400470861727581b89e82654d"},"headline":"Heteken bel\u00fcl \u00faj gy\u00e1rat avat a Caola!","datePublished":"2023-03-30T14:39:51+00:00","dateModified":"2023-09-06T18:28:35+00:00","mainEntityOfPage":{"@id":"https:\/\/caola.hu\/heteken-belul-uj-gyarat-avat-a-caola\/"},"wordCount":155,"commentCount":0,"publisher":{"@id":"https:\/\/caola.hu\/#organization"},"image":{"@id":"https:\/\/caola.hu\/heteken-belul-uj-gyarat-avat-a-caola\/#primaryimage"},"thumbnailUrl":"https:\/\/caola.hu\/wp-content\/uploads\/2020\/04\/heteken-belul-uj-gyarat-avat-a-caola-001.jpg","articleSection":["Sajt\u00f3k\u00f6zlem\u00e9nyek"],"inLanguage":"en-GB","potentialAction":[{"@type":"CommentAction","name":"Comment","target":["https:\/\/caola.hu\/heteken-belul-uj-gyarat-avat-a-caola\/#respond"]}]},{"@type":"WebPage","@id":"https:\/\/caola.hu\/heteken-belul-uj-gyarat-avat-a-caola\/","url":"https:\/\/caola.hu\/heteken-belul-uj-gyarat-avat-a-caola\/","name":"Heteken bel\u00fcl \u00faj gy\u00e1rat avat a Caola! | caola.hu","isPartOf":{"@id":"https:\/\/caola.hu\/#website"},"primaryImageOfPage":{"@id":"https:\/\/caola.hu\/heteken-belul-uj-gyarat-avat-a-caola\/#primaryimage"},"image":{"@id":"https:\/\/caola.hu\/heteken-belul-uj-gyarat-avat-a-caola\/#primaryimage"},"thumbnailUrl":"https:\/\/caola.hu\/wp-content\/uploads\/2020\/04\/heteken-belul-uj-gyarat-avat-a-caola-001.jpg","datePublished":"2023-03-30T14:39:51+00:00","dateModified":"2023-09-06T18:28:35+00:00","breadcrumb":{"@id":"https:\/\/caola.hu\/heteken-belul-uj-gyarat-avat-a-caola\/#breadcrumb"},"inLanguage":"en-GB","potentialAction":[{"@type":"ReadAction","target":["https:\/\/caola.hu\/heteken-belul-uj-gyarat-avat-a-caola\/"]}]},{"@type":"ImageObject","inLanguage":"en-GB","@id":"https:\/\/caola.hu\/heteken-belul-uj-gyarat-avat-a-caola\/#primaryimage","url":"https:\/\/caola.hu\/wp-content\/uploads\/2020\/04\/heteken-belul-uj-gyarat-avat-a-caola-001.jpg","contentUrl":"https:\/\/caola.hu\/wp-content\/uploads\/2020\/04\/heteken-belul-uj-gyarat-avat-a-caola-001.jpg","width":1200,"height":628,"caption":"heteken belul uj gyarat avat a caola 001"},{"@type":"BreadcrumbList","@id":"https:\/\/caola.hu\/heteken-belul-uj-gyarat-avat-a-caola\/#breadcrumb","itemListElement":[{"@type":"ListItem","position":1,"name":"Kezd\u0151lap","item":"https:\/\/caola.hu\/"},{"@type":"ListItem","position":2,"name":"Heteken bel\u00fcl \u00faj gy\u00e1rat avat a Caola!"}]},{"@type":"WebSite","@id":"https:\/\/caola.hu\/#website","url":"https:\/\/caola.hu\/","name":"caola.hu","description":"Care everywhere, all the time, for everyone","publisher":{"@id":"https:\/\/caola.hu\/#organization"},"potentialAction":[{"@type":"SearchAction","target":{"@type":"EntryPoint","urlTemplate":"https:\/\/caola.hu\/?s={search_term_string}"},"query-input":{"@type":"PropertyValueSpecification","valueRequired":true,"valueName":"search_term_string"}}],"inLanguage":"en-GB"},{"@type":"Organization","@id":"https:\/\/caola.hu\/#organization","name":"caola.hu","url":"https:\/\/caola.hu\/","logo":{"@type":"ImageObject","inLanguage":"en-GB","@id":"https:\/\/caola.hu\/#\/schema\/logo\/image\/","url":"https:\/\/caola.hu\/wp-content\/uploads\/2023\/06\/caola-logo-white-01.svg","contentUrl":"https:\/\/caola.hu\/wp-content\/uploads\/2023\/06\/caola-logo-white-01.svg","width":202,"height":75,"caption":"caola.hu"},"image":{"@id":"https:\/\/caola.hu\/#\/schema\/logo\/image\/"},"sameAs":["https:\/\/www.facebook.com\/caolahungary\/","https:\/\/www.instagram.com\/caola_cosmetics\/","https:\/\/www.youtube.com\/channel\/UCfWzZVKBzIKyYtbukmwgNOw"]},{"@type":"Person","@id":"https:\/\/caola.hu\/#\/schema\/person\/9064b45400470861727581b89e82654d","name":"hello@pixelworks.hu","image":{"@type":"ImageObject","inLanguage":"en-GB","@id":"https:\/\/secure.gravatar.com\/avatar\/6a04d762ef3af423451aa40a8594ca1a55757e1965edfe2169e8d35f6dd3c162?s=96&d=mm&r=g","url":"https:\/\/secure.gravatar.com\/avatar\/6a04d762ef3af423451aa40a8594ca1a55757e1965edfe2169e8d35f6dd3c162?s=96&d=mm&r=g","contentUrl":"https:\/\/secure.gravatar.com\/avatar\/6a04d762ef3af423451aa40a8594ca1a55757e1965edfe2169e8d35f6dd3c162?s=96&d=mm&r=g","caption":"hello@pixelworks.hu"},"sameAs":["https:\/\/caola.hu"],"url":"https:\/\/caola.hu\/en\/author\/hello@pixelworks.hu\/"}]}},"_links":{"self":[{"href":"https:\/\/caola.hu\/en\/wp-json\/wp\/v2\/posts\/1956","targetHints":{"allow":["GET"]}}],"collection":[{"href":"https:\/\/caola.hu\/en\/wp-json\/wp\/v2\/posts"}],"about":[{"href":"https:\/\/caola.hu\/en\/wp-json\/wp\/v2\/types\/post"}],"author":[{"embeddable":true,"href":"https:\/\/caola.hu\/en\/wp-json\/wp\/v2\/users\/1"}],"replies":[{"embeddable":true,"href":"https:\/\/caola.hu\/en\/wp-json\/wp\/v2\/comments?post=1956"}],"version-history":[{"count":0,"href":"https:\/\/caola.hu\/en\/wp-json\/wp\/v2\/posts\/1956\/revisions"}],"wp:featuredmedia":[{"embeddable":true,"href":"https:\/\/caola.hu\/en\/wp-json\/wp\/v2\/media\/3584"}],"wp:attachment":[{"href":"https:\/\/caola.hu\/en\/wp-json\/wp\/v2\/media?parent=1956"}],"wp:term":[{"taxonomy":"category","embeddable":true,"href":"https:\/\/caola.hu\/en\/wp-json\/wp\/v2\/categories?post=1956"},{"taxonomy":"post_tag","embeddable":true,"href":"https:\/\/caola.hu\/en\/wp-json\/wp\/v2\/tags?post=1956"}],"curies":[{"name":"wp","href":"https:\/\/api.w.org\/{rel}","templated":true}]}}